{"id":2208,"date":"2015-03-04T17:54:05","date_gmt":"2015-03-04T16:54:05","guid":{"rendered":"http:\/\/pirenalisl.cluster020.hosting.ovh.net\/ours-des-monts-cantabriques-combien-sont-ils\/"},"modified":"2017-03-12T19:01:10","modified_gmt":"2017-03-12T18:01:10","slug":"osos-cantabricos-cuantos-son","status":"publish","type":"post","link":"https:\/\/www.pirenalia.com\/es\/osos-cantabricos-cuantos-son\/","title":{"rendered":"Osos c\u00e1ntabricos, cu\u00e1ntos son?"},"content":{"rendered":"<p style=\"text-align: justify;\"><strong>Los osos c\u00e1ntabricos,<\/strong> como indica su nombre, est\u00e1n localizados en la Cordillera Cant\u00e1brica, situada en el norte de Espa\u00f1a; esta abarca las comunidades de Castilla y Le\u00f3n, Cantabria y Asturias.<\/p>\n<p style=\"text-align: justify;\">Despu\u00e9s de pasar un situaci\u00f3n muy cr\u00edtica a finales de los 90, la poblaci\u00f3n del oso cant\u00e1brico se ha visto mejorada en los \u00faltimos a\u00f1os, en gran parte gracias a la voluntad y el duro trabajo del equipo de gente que forma la <strong>FOP (Fundaci\u00f3n Oso Pardo).<\/strong><!--more--><\/p>\n<p style=\"text-align: justify;\">El estudio gen\u00e9tico del oso pardo en el corredor entre la poblaci\u00f3n mas grande y la subpoblacion oriental cant\u00e1brica, finalizado en 2014, muestra que los dos n\u00facleos, separados por m\u00e1s de un siglo (macizo occidental i macizo oriental) est\u00e1n al fin conectadas, lo que conlleva al aumento de la variabilidad gen\u00e9tica que estaba empezando a preocupar. Las estimaciones m\u00e1s recientes eval\u00faan a la poblaci\u00f3n del oso cant\u00e1brico en m\u00e1s de <strong>230 ejemplares<\/strong> repartidos en una superficie <strong>de 4900Km2.<\/strong> Eso hace que sea posible observarlo, tal y como muestra este video cedido por los colegas de FOP:<\/p>\n<p style=\"text-align: justify;\"><strong>Para saber mas:<\/strong><\/p>\n<p><a href=\"http:\/\/www.ambientum.com\/boletino\/noticias\/Rescate-genEtico-de-la-subpoblaciOn-oriental-de-osos-cantabricos.asp\" target=\"_blank\">http:\/\/www.ambientum.com\/boletino\/noticias\/Rescate-genEtico-de-la-subpoblaciOn-oriental-de-osos-cantabricos.asp<\/a><\/p>\n","protected":false},"excerpt":{"rendered":"<p>Los osos c\u00e1ntabricos, como indica su nombre, est\u00e1n localizados en la Cordillera Cant\u00e1brica, situada en el norte de Espa\u00f1a; esta abarca las comunidades de Castilla y Le\u00f3n, Cantabria y Asturias. Despu\u00e9s de pasar un situaci\u00f3n muy cr\u00edtica a finales de los 90, la poblaci\u00f3n del oso cant\u00e1brico se ha visto mejorada en los \u00faltimos a\u00f1os,<\/p>\n<div class=\"padding-top text-center\"><a href=\"https:\/\/www.pirenalia.com\/es\/osos-cantabricos-cuantos-son\/\" class=\"atbtn atbtn--medium atbtn--rounded atbtn--transparent\">+ info<i class=\"atbtn__icon atbtn__icon--right fa fa-long-arrow-right\"><\/i><\/a><\/div>\n","protected":false},"author":3,"featured_media":2124,"comment_status":"closed","ping_status":"closed","sticky":false,"template":"","format":"standard","meta":[],"categories":[191,1],"tags":[210,211,212,213],"_links":{"self":[{"href":"https:\/\/www.pirenalia.com\/es\/wp-json\/wp\/v2\/posts\/2208"}],"collection":[{"href":"https:\/\/www.pirenalia.com\/es\/wp-json\/wp\/v2\/posts"}],"about":[{"href":"https:\/\/www.pirenalia.com\/es\/wp-json\/wp\/v2\/types\/post"}],"author":[{"embeddable":true,"href":"https:\/\/www.pirenalia.com\/es\/wp-json\/wp\/v2\/users\/3"}],"replies":[{"embeddable":true,"href":"https:\/\/www.pirenalia.com\/es\/wp-json\/wp\/v2\/comments?post=2208"}],"version-history":[{"count":2,"href":"https:\/\/www.pirenalia.com\/es\/wp-json\/wp\/v2\/posts\/2208\/revisions"}],"predecessor-version":[{"id":2210,"href":"https:\/\/www.pirenalia.com\/es\/wp-json\/wp\/v2\/posts\/2208\/revisions\/2210"}],"wp:featuredmedia":[{"embeddable":true,"href":"https:\/\/www.pirenalia.com\/es\/wp-json\/wp\/v2\/media\/2124"}],"wp:attachment":[{"href":"https:\/\/www.pirenalia.com\/es\/wp-json\/wp\/v2\/media?parent=2208"}],"wp:term":[{"taxonomy":"category","embeddable":true,"href":"https:\/\/www.pirenalia.com\/es\/wp-json\/wp\/v2\/categories?post=2208"},{"taxonomy":"post_tag","embeddable":true,"href":"https:\/\/www.pirenalia.com\/es\/wp-json\/wp\/v2\/tags?post=2208"}],"curies":[{"name":"wp","href":"https:\/\/api.w.org\/{rel}","templated":true}]}}