{"id":2191,"date":"2015-01-25T17:22:45","date_gmt":"2015-01-25T16:22:45","guid":{"rendered":"http:\/\/pirenalisl.cluster020.hosting.ovh.net\/2014-le-retour-du-bouquetin-dans-les-pyrenees\/"},"modified":"2017-03-04T20:17:32","modified_gmt":"2017-03-04T19:17:32","slug":"2014-ibex-is-back-in-the-pyrenees","status":"publish","type":"post","link":"https:\/\/www.pirenalia.com\/en\/2014-ibex-is-back-in-the-pyrenees\/","title":{"rendered":"2014: Ibex is back in the pyrenees"},"content":{"rendered":"<p style=\"text-align: justify;\">According to some digs made on paleontological sites, the Iberian ibex, Capra pyrenaica, was hunted by prehistoric men nearly all over the Iberian Peninsula. \u00a0However, the subspecies Capra pyrenaica pirenaica, which used to live in the Pyrenees disappeared in 1999 when the last specimens died in Ordesa, while another subspecies lusitanica had already died out in 1890. <!--more-->Two other subspecies, victoriae and hispanica, are still living in Spain and are around 60.000. After long negotiations, the governments concerned decided to reintroduce the ibex in the Pyrenees. \u00a0In 2014, during the summer, 37 specimens coming from sierra de Gredos (ssp. victoriae) were released: 15 in the Pyrenees National Park (Hautes-Pyr\u00e9n\u00e9es) and 22 in Ari\u00e8ge, particularly in \u201ccirque de Cagateille\u201d in the municipality of Ustou.\u00a0 <strong>Pirenalia team was involved in the project.<\/strong><\/p>\n<p style=\"text-align: justify;\"><strong>For more information :<\/strong><\/p>\n<p><a href=\"http:\/\/www.parc-pyrenees-ariegeoises.fr\/IMG\/pdf\/PNR_Lettre_partenaires_24_web.pdf\" target=\"_blank\">http:\/\/www.parc-pyrenees-ariegeoises.fr\/IMG\/pdf\/PNR_Lettre_partenaires_24_web.pdf<br \/>\n<\/a><a href=\"http:\/\/parc-pyrenees.com\/diffusion-des-donnees\/cat_view\/103-etudes-scientifiques\/130-faune\/227-le-bouquetin-iberique.html\" target=\"_blank\">http:\/\/parc-pyrenees.com\/diffusion-des-donnees\/cat_view\/103-etudes-scientifiques\/130-faune\/227-le-bouquetin-iberique.html<\/a><\/p>\n<p><iframe width=\"748\" height=\"421\" src=\"https:\/\/www.youtube.com\/embed\/Hf435Kq4_XU?feature=oembed\" frameborder=\"0\" allowfullscreen><\/iframe><\/p>\n<p><a href=\"http:\/\/parc-pyrenees.com\/diffusion-des-donnees\/cat_view\/103-etudes-scientifiques\/130-faune\/227-le-bouquetin-iberique.html\" target=\"_blank\">\u00a0<\/a><\/p>\n","protected":false},"excerpt":{"rendered":"<p>According to some digs made on paleontological sites, the Iberian ibex, Capra pyrenaica, was hunted by prehistoric men nearly all over the Iberian Peninsula. \u00a0However, the subspecies Capra pyrenaica pirenaica, which used to live in the Pyrenees disappeared in 1999 when the last specimens died in Ordesa, while another subspecies lusitanica had already died out<\/p>\n<div class=\"padding-top text-center\"><a href=\"https:\/\/www.pirenalia.com\/en\/2014-ibex-is-back-in-the-pyrenees\/\" class=\"atbtn atbtn--medium atbtn--rounded atbtn--transparent\">+ info<i class=\"atbtn__icon atbtn__icon--right fa fa-long-arrow-right\"><\/i><\/a><\/div>\n","protected":false},"author":3,"featured_media":2114,"comment_status":"closed","ping_status":"closed","sticky":false,"template":"","format":"standard","meta":[],"categories":[51],"tags":[200,201,202],"_links":{"self":[{"href":"https:\/\/www.pirenalia.com\/en\/wp-json\/wp\/v2\/posts\/2191"}],"collection":[{"href":"https:\/\/www.pirenalia.com\/en\/wp-json\/wp\/v2\/posts"}],"about":[{"href":"https:\/\/www.pirenalia.com\/en\/wp-json\/wp\/v2\/types\/post"}],"author":[{"embeddable":true,"href":"https:\/\/www.pirenalia.com\/en\/wp-json\/wp\/v2\/users\/3"}],"replies":[{"embeddable":true,"href":"https:\/\/www.pirenalia.com\/en\/wp-json\/wp\/v2\/comments?post=2191"}],"version-history":[{"count":3,"href":"https:\/\/www.pirenalia.com\/en\/wp-json\/wp\/v2\/posts\/2191\/revisions"}],"predecessor-version":[{"id":2198,"href":"https:\/\/www.pirenalia.com\/en\/wp-json\/wp\/v2\/posts\/2191\/revisions\/2198"}],"wp:featuredmedia":[{"embeddable":true,"href":"https:\/\/www.pirenalia.com\/en\/wp-json\/wp\/v2\/media\/2114"}],"wp:attachment":[{"href":"https:\/\/www.pirenalia.com\/en\/wp-json\/wp\/v2\/media?parent=2191"}],"wp:term":[{"taxonomy":"category","embeddable":true,"href":"https:\/\/www.pirenalia.com\/en\/wp-json\/wp\/v2\/categories?post=2191"},{"taxonomy":"post_tag","embeddable":true,"href":"https:\/\/www.pirenalia.com\/en\/wp-json\/wp\/v2\/tags?post=2191"}],"curies":[{"name":"wp","href":"https:\/\/api.w.org\/{rel}","templated":true}]}}